[{"@context":"https:\/\/schema.org\/","@type":"Article","@id":"https:\/\/www.smtpl.cz\/letni-dovolena-na-vlnach-klidu\/#Article","mainEntityOfPage":"https:\/\/www.smtpl.cz\/letni-dovolena-na-vlnach-klidu\/","headline":"Letn\u00ed dovolen\u00e1 na vln\u00e1ch klidu","name":"Letn\u00ed dovolen\u00e1 na vln\u00e1ch klidu","description":"Ostrov Krk je jedn\u00edm z nejv\u011bt\u0161\u00edch ostrov\u016f v Jadersk\u00e9m mo\u0159i. Je to m\u00edsto, kter\u00e9 je naprost\u00fdm r\u00e1jem pro ka\u017ed\u00e9ho modern\u00edho turistu, kter\u00fd si chce u\u017e\u00edvat n\u00e1dhern\u00e9 mo\u0159e, dokonal\u00e9 koup\u00e1n\u00ed, p\u0159ekr\u00e1snou p\u0159\u00edrodu, spoustu dobr\u00e9ho j\u00eddla a tak\u00e9 mil\u00e9 a pohostinn\u00e9 lidi. Pokud tedy i vy chcete vyrazit v l\u00e9t\u011b za slun\u00ed\u010dkem, tak nev\u00e1hejte a vsa\u010fte na [&hellip;]","datePublished":"2024-12-24","dateModified":"2024-12-24","author":{"@type":"Person","@id":"https:\/\/www.smtpl.cz\/author\/#Person","name":"","url":"https:\/\/www.smtpl.cz\/author\/","identifier":1,"image":{"@type":"ImageObject","@id":"https:\/\/secure.gravatar.com\/avatar\/c47baa405891a9bbddd7acd919a692d2b0c5a8f5f5ac49161535688cab5c72a8?s=96&d=mm&r=g","url":"https:\/\/secure.gravatar.com\/avatar\/c47baa405891a9bbddd7acd919a692d2b0c5a8f5f5ac49161535688cab5c72a8?s=96&d=mm&r=g","height":96,"width":96}},"publisher":{"@type":"Organization","name":"smtpl.cz","logo":{"@type":"ImageObject","@id":"\/logo.png","url":"\/logo.png","width":600,"height":60}},"url":"https:\/\/www.smtpl.cz\/letni-dovolena-na-vlnach-klidu\/","wordCount":237,"articleBody":"Ostrov Krk je jedn\u00edm z nejv\u011bt\u0161\u00edch ostrov\u016f v Jadersk\u00e9m mo\u0159i. Je to m\u00edsto, kter\u00e9 je naprost\u00fdm r\u00e1jem pro ka\u017ed\u00e9ho modern\u00edho turistu, kter\u00fd si chce u\u017e\u00edvat n\u00e1dhern\u00e9 mo\u0159e, dokonal\u00e9 koup\u00e1n\u00ed, p\u0159ekr\u00e1snou p\u0159\u00edrodu, spoustu dobr\u00e9ho j\u00eddla a tak\u00e9 mil\u00e9 a pohostinn\u00e9 lidi. Pokud tedy i vy chcete vyrazit v l\u00e9t\u011b za slun\u00ed\u010dkem, tak nev\u00e1hejte a vsa\u010fte na tuto destinaci, kterou si nelze nezamilovat. Uvid\u00edte, \u017ee i v\u00e1s nadchne ta pohoda, skv\u011bl\u00e1 atmosf\u00e9ra a neust\u00e1le sv\u00edt\u00edc\u00ed slun\u00ed\u010dko. Budete perfektn\u011b odpo\u010dinut\u00ed a na tuto dovolenou budete zajist\u00e9 velmi r\u00e1di a dlouhou vzpom\u00ednat. Pro rodiny i p\u00e1ry Pro koho je Krk vhodn\u00fd? Je to m\u00edste\u010dko, kde budou spokojen\u00ed naprosto v\u0161ichni, tedy jak rodiny s d\u011btmi, tak zamilovan\u00e9 mlad\u00e9 p\u00e1ry ale i skupinka teenager\u016f \u010di senio\u0159i. Toto m\u00edsto nab\u00edz\u00ed pro v\u0161echny n\u011bco, ka\u017ed\u00fd si najde to, co ho zaj\u00edm\u00e1 a co ho bav\u00ed. M\u016f\u017eete m\u00edt tedy jistotu, \u017ee s\u00e1zka na tuto lokalitu bude v\u00fdhodnou s\u00e1zkou, kter\u00e1 se v\u00e1m vyplat\u00ed. Vsa\u010fte tedy i vy na kr\u00e1sn\u00e9 mo\u0159e, sv\u00edt\u00edc\u00ed slunce a tak\u00e9 na dokonalou p\u0159\u00edrodu. Tato dovolen\u00e1 pro v\u00e1s bude naprosto nezapomenuteln\u00e1.                                                                                                                                                                                                                                                                                                                                                                                        3.7\/5 - (4 votes)        "},{"@context":"https:\/\/schema.org\/","@type":"BreadcrumbList","itemListElement":[{"@type":"ListItem","position":1,"name":"Letn\u00ed dovolen\u00e1 na vln\u00e1ch klidu","item":"https:\/\/www.smtpl.cz\/letni-dovolena-na-vlnach-klidu\/#breadcrumbitem"}]}]