[{"@context":"https:\/\/schema.org\/","@type":"Article","@id":"https:\/\/www.smtpl.cz\/na-velikost-je-kladem-duraz\/#Article","mainEntityOfPage":"https:\/\/www.smtpl.cz\/na-velikost-je-kladem-duraz\/","headline":"Na velikost je kladem d\u016fraz","name":"Na velikost je kladem d\u016fraz","description":"K \u010demu chcete vlastn\u011b tyto prosklen\u00e9 prostory vyu\u017e\u00edvat? V\u00edte kolik kv\u011btin a rostlin v\u0161eho druhu, zde budete p\u011bstovat? Kolik vstupn\u00edch p\u0159\u00edstup\u016f bude m\u00edt? Jak\u00fdm n\u00e1bytkem a dal\u0161\u00ed dekorac\u00ed chcete zimn\u00ed zahrady vybavit? Ka\u017ed\u00fd spr\u00e1vn\u00fd specialista v\u00e1m hned spo\u010d\u00edt\u00e1 jak\u00e9 optim\u00e1ln\u00ed rozm\u011bry v metrech \u010dtvere\u010dn\u00fdch a hloubku v metrech by m\u011bly zimn\u00ed zahrady m\u00edt! Od severu [&hellip;]","datePublished":"2024-11-16","dateModified":"2024-11-16","author":{"@type":"Person","@id":"https:\/\/www.smtpl.cz\/author\/#Person","name":"","url":"https:\/\/www.smtpl.cz\/author\/","identifier":1,"image":{"@type":"ImageObject","@id":"https:\/\/secure.gravatar.com\/avatar\/c47baa405891a9bbddd7acd919a692d2b0c5a8f5f5ac49161535688cab5c72a8?s=96&d=mm&r=g","url":"https:\/\/secure.gravatar.com\/avatar\/c47baa405891a9bbddd7acd919a692d2b0c5a8f5f5ac49161535688cab5c72a8?s=96&d=mm&r=g","height":96,"width":96}},"publisher":{"@type":"Organization","name":"smtpl.cz","logo":{"@type":"ImageObject","@id":"\/logo.png","url":"\/logo.png","width":600,"height":60}},"url":"https:\/\/www.smtpl.cz\/na-velikost-je-kladem-duraz\/","wordCount":165,"articleBody":"K \u010demu chcete vlastn\u011b tyto prosklen\u00e9 prostory vyu\u017e\u00edvat? V\u00edte kolik kv\u011btin a rostlin v\u0161eho druhu, zde budete p\u011bstovat? Kolik vstupn\u00edch p\u0159\u00edstup\u016f bude m\u00edt? Jak\u00fdm n\u00e1bytkem a dal\u0161\u00ed dekorac\u00ed chcete zimn\u00ed zahrady vybavit? Ka\u017ed\u00fd spr\u00e1vn\u00fd specialista v\u00e1m hned spo\u010d\u00edt\u00e1 jak\u00e9 optim\u00e1ln\u00ed rozm\u011bry v metrech \u010dtvere\u010dn\u00fdch a hloubku v metrech by m\u011bly zimn\u00ed zahrady m\u00edt!Od severu nebo jihu?Vybrali jste ji\u017e m\u00edsto, kde by se m\u011bly zimn\u00ed zahrady nach\u00e1zet? Preferujete severn\u00ed chladn\u011bj\u0161\u00ed \u010d\u00e1st domu anebo prahnete po ji\u017en\u00edm slunci? Ob\u011b mo\u017enosti jsou mo\u017en\u00e9, jen je mus\u00edte pat\u0159i\u010dn\u011b vylep\u0161it. Severn\u00ed strana je chladn\u011bj\u0161\u00ed a pot\u0159ebuje lep\u0161\u00ed vyt\u00e1p\u011bn\u00ed, z ji\u017en\u00edho m\u00edsta je nutno po\u0159\u00eddit spr\u00e1vn\u00e9 st\u00edn\u011bn\u00ed nebo se tam v letn\u00edch parn\u00fdch dnech upe\u010dete za\u017eiva. Koumejte nad nejlep\u0161\u00ed volbou!                                                                                                                                                                                                                                                                                                                                                                                        1.7\/5 - (3 votes)        "},{"@context":"https:\/\/schema.org\/","@type":"BreadcrumbList","itemListElement":[{"@type":"ListItem","position":1,"name":"Na velikost je kladem d\u016fraz","item":"https:\/\/www.smtpl.cz\/na-velikost-je-kladem-duraz\/#breadcrumbitem"}]}]