[{"@context":"https:\/\/schema.org\/","@type":"Article","@id":"https:\/\/www.smtpl.cz\/solarko-budiz-pochvaleno\/#Article","mainEntityOfPage":"https:\/\/www.smtpl.cz\/solarko-budiz-pochvaleno\/","headline":"Sol\u00e1rko budi\u017e pochv\u00e1leno","name":"Sol\u00e1rko budi\u017e pochv\u00e1leno","description":"Samoz\u0159ejm\u011b ne v\u0161ichni \u010ce\u0161i jsou stejn\u00ed. A i ti stejn\u00ed se p\u0159ece jenom alespo\u0148 v mal\u00e9 m\u00ed\u0159e odli\u0161uj\u00ed jeden od druh\u00e9ho. Ale pokud by se m\u011blo pau\u0161alizovat, dalo by se o n\u00e1s \u010ce\u0161\u00edch \u0159\u00edci, \u017ee jsme si obl\u00edbili pobyty na slunci u vody. P\u0159ijde tepl\u00e9 l\u00e9to, p\u0159\u00edpadn\u011b tepl\u00fd konec jara nebo za\u010d\u00e1tek podzimu, a u\u017e [&hellip;]","datePublished":"2019-01-22","dateModified":"2023-05-03","author":{"@type":"Person","@id":"https:\/\/www.smtpl.cz\/author\/#Person","name":"","url":"https:\/\/www.smtpl.cz\/author\/","identifier":1,"image":{"@type":"ImageObject","@id":"https:\/\/secure.gravatar.com\/avatar\/c47baa405891a9bbddd7acd919a692d2b0c5a8f5f5ac49161535688cab5c72a8?s=96&d=mm&r=g","url":"https:\/\/secure.gravatar.com\/avatar\/c47baa405891a9bbddd7acd919a692d2b0c5a8f5f5ac49161535688cab5c72a8?s=96&d=mm&r=g","height":96,"width":96}},"publisher":{"@type":"Organization","name":"smtpl.cz","logo":{"@type":"ImageObject","@id":"\/logo.png","url":"\/logo.png","width":600,"height":60}},"image":{"@type":"ImageObject","@id":"https:\/\/www.smtpl.cz\/wp-content\/uploads\/img_a340362_w2449_t1553271330.jpg","url":"https:\/\/www.smtpl.cz\/wp-content\/uploads\/img_a340362_w2449_t1553271330.jpg","height":0,"width":0},"url":"https:\/\/www.smtpl.cz\/solarko-budiz-pochvaleno\/","wordCount":487,"articleBody":"Samoz\u0159ejm\u011b ne v\u0161ichni \u010ce\u0161i jsou stejn\u00ed. A i ti stejn\u00ed se p\u0159ece jenom alespo\u0148 v mal\u00e9 m\u00ed\u0159e odli\u0161uj\u00ed jeden od druh\u00e9ho. Ale pokud by se m\u011blo pau\u0161alizovat, dalo by se o n\u00e1s \u010ce\u0161\u00edch \u0159\u00edci, \u017ee jsme si obl\u00edbili pobyty na slunci u vody.P\u0159ijde tepl\u00e9 l\u00e9to, p\u0159\u00edpadn\u011b tepl\u00fd konec jara nebo za\u010d\u00e1tek podzimu, a u\u017e se cel\u00e9 z\u00e1stupy na\u0161inc\u016f hrnou snad ke v\u0161em mo\u0159\u00edm, co jich na sv\u011bt\u011b je. A i ti, kte\u0159\u00ed se takto nehrnou, se alespo\u0148 n\u011bkdy vyprav\u00ed k n\u011bjak\u00e9 t\u00e9 \u010desk\u00e9 \u201alou\u017ei\u2018.A kdy\u017e pak na\u0161inci skon\u010d\u00ed v takov\u00fdch m\u00edstech, nejednou se omez\u00ed na jedin\u00e9. Rozval\u00ed se na pl\u00e1\u017ei na dece \u010di leh\u00e1tku a pak po dlouh\u00e9 hodiny p\u0159ipom\u00ednaj\u00ed griluj\u00edc\u00ed se ku\u0159ata. Opaluj\u00ed se a slun\u00ed, a\u0165 odborn\u00edci varuj\u00ed p\u0159ed rakovinou k\u016f\u017ee sebev\u00edc.Proto\u017ee je nasnad\u011b, \u017ee kdy\u017e se pak tito vr\u00e1t\u00ed z dovolen\u00e9, mus\u00ed ostatn\u00edm uk\u00e1zat, jak se op\u00e1lili. A barva k\u016f\u017ee je v tomto p\u0159\u00edpad\u011b nejednou u\u010din\u011bn\u00fdm m\u011b\u0159\u00edtkem kvality takov\u00e9 dovolen\u00e9.Jist\u011b, netvrd\u00edm, \u017ee si takto po\u010d\u00edn\u00e1me v\u0161ichni, ale je to hojn\u011b roz\u0161\u00ed\u0159en\u00fd \u00fakaz. \u017de si r\u00e1di u\u017e\u00edv\u00e1me tepla a slunce.A kdy\u017e je s t\u00edmto amen? Kdy\u017e nastane studen\u00e1 \u010d\u00e1st roku? I pak si dok\u00e1\u017eeme n\u011bjakou tu z\u00e1bavu pro voln\u00e9 chv\u00edle naj\u00edt. Ale nen\u00ed to ono a tak si pokud mo\u017eno dop\u0159ejeme t\u0159eba takov\u00e9 \u201al\u00e9to\u2018 uprost\u0159ed zimy. Co\u017e u\u017e dnes tak\u00e9 nen\u00ed nemo\u017en\u00e9. D\u00edky sol\u00e1ri\u00edm.Sol\u00e1ria jsou za\u0159\u00edzen\u00ed, o nich\u017e by se dalo \u0159\u00edci, \u017ee jsou takov\u00fdm um\u011bl\u00fdm l\u00e9tem za chladn\u00fdch a nep\u0159\u00edjemn\u00fdch dn\u00ed. A je to zejm\u00e9na pr\u00e1v\u011b obdob\u00ed od pozdn\u00edho podzimu do \u010dasn\u00e9ho jara, kdy p\u0159ijdou tato nejv\u00edce vhod. Proto\u017ee je-li v\u00e1m v tomto \u010dase zima, c\u00edt\u00edte se sklesle a i jinak nedob\u0159e a navrch je\u0161t\u011b postr\u00e1d\u00e1te ono v l\u00e9t\u011b pracn\u011b bezpracn\u011b z\u00edskan\u00e9 op\u00e1len\u00ed k\u016f\u017ee, a v\u0161e postr\u00e1dan\u00e9 z\u00edsk\u00e1te pr\u00e1v\u011b zde.V sol\u00e1riu si m\u016f\u017eete t\u011blo proh\u0159\u00e1t, op\u00e1lit, na\u010derpat chyb\u011bj\u00edc\u00ed energii. Nen\u00ed jedin\u00fd d\u016fvod, pro\u010d byste si to nemohli dop\u0159\u00e1t. Zejm\u00e9na kdy\u017e se tu zam\u011bstnanci postaraj\u00ed o to, aby bylo v\u0161e podle va\u0161ich p\u0159edstav, abyste byli maxim\u00e1ln\u011b spokojeni.Sta\u010d\u00ed se obr\u00e1tit na ty prav\u00e9 a domluvit si voln\u00fd term\u00edn. A r\u00e1zem m\u016f\u017ee m\u00edt ka\u017ed\u00fd l\u00e9to, kdykoliv se mu zl\u00edb\u00ed. Jen to mo\u0159e mu bude v sol\u00e1riu chyb\u011bt.                                                                                                                                                                                                                                                                                                                                                                                        4.2\/5 - (11 votes)        "},{"@context":"https:\/\/schema.org\/","@type":"BreadcrumbList","itemListElement":[{"@type":"ListItem","position":1,"name":"Sol\u00e1rko budi\u017e pochv\u00e1leno","item":"https:\/\/www.smtpl.cz\/solarko-budiz-pochvaleno\/#breadcrumbitem"}]}]