[{"@context":"https:\/\/schema.org\/","@type":"Article","@id":"https:\/\/www.smtpl.cz\/vezmes-si-me\/#Article","mainEntityOfPage":"https:\/\/www.smtpl.cz\/vezmes-si-me\/","headline":"\u201eVezme\u0161 si m\u011b?\u201c","name":"\u201eVezme\u0161 si m\u011b?\u201c","description":"V ka\u017ed\u00e9m lidsk\u00e9m \u017eivot\u011b nadejde ta chv\u00edle, kdy mu\u017e nalezne kur\u00e1\u017e a odhodl\u00e1n\u00ed po\u017e\u00e1dat \u017eenu sv\u00e9ho srdce, aby s n\u00edm str\u00e1vila zbytek \u017eivota. Je to gesto, je\u017e s sebou nese kladn\u00e9 emoce &#8211; l\u00e1sku, \u0161t\u011bst\u00ed, vzru\u0161en\u00ed, ale i z\u00e1porn\u00e9 v podob\u011b nejistoty z n\u011b\u010deho nov\u00e9ho a neo\u010dek\u00e1van\u00e9ho. Aby V\u00e1m \u0159ekla sv\u00e9 \u201eANO\u201c. Na tento den [&hellip;]","datePublished":"2024-11-21","dateModified":"2024-11-21","author":{"@type":"Person","@id":"https:\/\/www.smtpl.cz\/author\/#Person","name":"","url":"https:\/\/www.smtpl.cz\/author\/","identifier":1,"image":{"@type":"ImageObject","@id":"https:\/\/secure.gravatar.com\/avatar\/c47baa405891a9bbddd7acd919a692d2b0c5a8f5f5ac49161535688cab5c72a8?s=96&d=mm&r=g","url":"https:\/\/secure.gravatar.com\/avatar\/c47baa405891a9bbddd7acd919a692d2b0c5a8f5f5ac49161535688cab5c72a8?s=96&d=mm&r=g","height":96,"width":96}},"publisher":{"@type":"Organization","name":"smtpl.cz","logo":{"@type":"ImageObject","@id":"\/logo.png","url":"\/logo.png","width":600,"height":60}},"url":"https:\/\/www.smtpl.cz\/vezmes-si-me\/","wordCount":184,"articleBody":"V ka\u017ed\u00e9m lidsk\u00e9m \u017eivot\u011b nadejde ta chv\u00edle, kdy mu\u017e nalezne kur\u00e1\u017e a odhodl\u00e1n\u00ed po\u017e\u00e1dat \u017eenu sv\u00e9ho srdce, aby s n\u00edm str\u00e1vila zbytek \u017eivota. Je to gesto, je\u017e s sebou nese kladn\u00e9 emoce &#8211; l\u00e1sku, \u0161t\u011bst\u00ed, vzru\u0161en\u00ed, ale i z\u00e1porn\u00e9 v podob\u011b nejistoty z n\u011b\u010deho nov\u00e9ho a neo\u010dek\u00e1van\u00e9ho.Aby V\u00e1m \u0159ekla sv\u00e9 \u201eANO\u201c.Na tento den je pot\u0159eba se \u0159\u00e1dn\u011b p\u0159ipravit. Je to okam\u017eik, na kter\u00fd se nezapom\u00edn\u00e1. Ka\u017ed\u00fd jej m\u016f\u017ee p\u0159ipravit sv\u00fdm zp\u016fsobem, ale jedna v\u011bc nikdy nesm\u00ed chyb\u011bt &#8211; z\u00e1snubn\u00ed prsteny. Jedn\u00e1 se o symbol v\u011b\u010dnosti, jen\u017e v\u00e1s bude spojovat a zdobit. M\u011bl by b\u00fdt vyb\u00edr\u00e1n pe\u010dliv\u011b s l\u00e1skou.My jsme tu jen pro V\u00e1s. S ochotou V\u00e1m pom\u016f\u017eeme a porad\u00edme. Budeme se sna\u017eit, splnit Va\u0161e ve\u0161ker\u00e1 p\u0159\u00e1n\u00ed a p\u0159ipravit V\u00e1s na V\u00e1\u0161 velk\u00fd den, abyste ho pro\u017eili napln\u011bni klidem a radost\u00ed.                                                                                                                                                                                                                                                                                                                                                                                         5\/5 - (1 vote)        "},{"@context":"https:\/\/schema.org\/","@type":"BreadcrumbList","itemListElement":[{"@type":"ListItem","position":1,"name":"\u201eVezme\u0161 si m\u011b?\u201c","item":"https:\/\/www.smtpl.cz\/vezmes-si-me\/#breadcrumbitem"}]}]